{"id":723,"date":"2021-04-16T10:50:06","date_gmt":"2021-04-16T10:50:06","guid":{"rendered":"https:\/\/lo1.olsztyn.pl\/mm\/?p=723"},"modified":"2021-04-16T10:50:07","modified_gmt":"2021-04-16T10:50:07","slug":"rekrutacja-2021-22-test-kompetencji-z-jezyka-angielskiego","status":"publish","type":"post","link":"https:\/\/lo1.olsztyn.eu\/mm\/rekrutacja-2021-22-test-kompetencji-z-jezyka-angielskiego\/","title":{"rendered":"REKRUTACJA 2021\/22 &#8211; TEST KOMPETENCJI Z J\u0118ZYKA ANGIELSKIEGO"},"content":{"rendered":"\n<h3 class=\"wp-block-heading\">Test kompetencji z j\u0119zyka angielskiego dla kandydat\u00f3w do klas z matur\u0105 mi\u0119dzynarodow\u0105 i dwuj\u0119zycznej odb\u0119dzie si\u0119 we <span style=\"text-decoration: underline;\">\u015arod\u0119 9 CZERWCA o godzinie 10:00<\/span> w Auli szkolnej.<\/h3>\n\n\n\n<h3 class=\"wp-block-heading\">Kandydaci b\u0119d\u0105 wpuszczani na sal\u0119 egzaminacyjn\u0105 od godziny <strong>9:30.<\/strong><\/h3>\n\n\n\n<h2 class=\"wp-block-heading\"><strong>UWAGA!<\/strong><\/h2>\n\n\n\n<h3 class=\"wp-block-heading\"><span style=\"text-decoration: underline;\"><strong>Test b\u0119dzie przeprowadzony w formie elektronicznej.<\/strong> <strong>Kandydat\u00f3w prosimy o zabranie ze sob\u0105 dokumentu ze zdj\u0119ciem oraz telefonu\/tabletu z dost\u0119pem do internetu.<\/strong><\/span><\/h3>\n\n\n\n<p><\/p>\n","protected":false},"excerpt":{"rendered":"<p>Test kompetencji z j\u0119zyka angielskiego dla kandydat\u00f3w do klas z matur\u0105 mi\u0119dzynarodow\u0105 i dwuj\u0119zycznej odb\u0119dzie si\u0119 we \u015arod\u0119 9 CZERWCA o godzinie 10:00 w Auli szkolnej. Kandydaci b\u0119d\u0105 wpuszczani na sal\u0119 egzaminacyjn\u0105 od godziny 9:30. UWAGA! Test b\u0119dzie przeprowadzony w <a href=\"https:\/\/lo1.olsztyn.eu\/mm\/rekrutacja-2021-22-test-kompetencji-z-jezyka-angielskiego\/\" class=\"read-more\">Read More &#8230;<\/a><\/p>\n","protected":false},"author":1,"featured_media":724,"comment_status":"closed","ping_status":"open","sticky":false,"template":"","format":"standard","meta":{"footnotes":""},"categories":[1],"tags":[],"class_list":["post-723","post","type-post","status-publish","format-standard","has-post-thumbnail","hentry","category-uncategorized"],"featured_image_urls_v2":{"full":["https:\/\/lo1.olsztyn.eu\/mm\/wp-content\/uploads\/2021\/04\/pexels-pixabay-207691-scaled.jpg",2560,1828,false],"thumbnail":["https:\/\/lo1.olsztyn.eu\/mm\/wp-content\/uploads\/2021\/04\/pexels-pixabay-207691-150x150.jpg",150,150,true],"medium":["https:\/\/lo1.olsztyn.eu\/mm\/wp-content\/uploads\/2021\/04\/pexels-pixabay-207691-300x214.jpg",300,214,true],"medium_large":["https:\/\/lo1.olsztyn.eu\/mm\/wp-content\/uploads\/2021\/04\/pexels-pixabay-207691-768x548.jpg",768,548,true],"large":["https:\/\/lo1.olsztyn.eu\/mm\/wp-content\/uploads\/2021\/04\/pexels-pixabay-207691-1024x731.jpg",847,605,true],"1536x1536":["https:\/\/lo1.olsztyn.eu\/mm\/wp-content\/uploads\/2021\/04\/pexels-pixabay-207691-1536x1097.jpg",1536,1097,true],"2048x2048":["https:\/\/lo1.olsztyn.eu\/mm\/wp-content\/uploads\/2021\/04\/pexels-pixabay-207691-2048x1462.jpg",2048,1462,true],"education-hub-thumb":["https:\/\/lo1.olsztyn.eu\/mm\/wp-content\/uploads\/2021\/04\/pexels-pixabay-207691-360x257.jpg",360,257,true]},"post_excerpt_stackable_v2":"<p>Test kompetencji z j\u0119zyka angielskiego dla kandydat\u00f3w do klas z matur\u0105 mi\u0119dzynarodow\u0105 i dwuj\u0119zycznej odb\u0119dzie si\u0119 we \u015arod\u0119 9 CZERWCA o godzinie 10:00 w Auli szkolnej. Kandydaci b\u0119d\u0105 wpuszczani na sal\u0119 egzaminacyjn\u0105 od godziny 9:30. UWAGA! Test b\u0119dzie przeprowadzony w formie elektronicznej. Kandydat\u00f3w prosimy o zabranie ze sob\u0105 dokumentu ze zdj\u0119ciem oraz telefonu\/tabletu z dost\u0119pem do internetu.<\/p>\n","category_list_v2":"<a href=\"https:\/\/lo1.olsztyn.eu\/mm\/category\/uncategorized\/\" rel=\"category tag\">Uncategorized<\/a>","author_info_v2":{"name":"ibadmin","url":"https:\/\/lo1.olsztyn.eu\/mm\/author\/ibadmin\/"},"comments_num_v2":"0 comments","_links":{"self":[{"href":"https:\/\/lo1.olsztyn.eu\/mm\/wp-json\/wp\/v2\/posts\/723","targetHints":{"allow":["GET"]}}],"collection":[{"href":"https:\/\/lo1.olsztyn.eu\/mm\/wp-json\/wp\/v2\/posts"}],"about":[{"href":"https:\/\/lo1.olsztyn.eu\/mm\/wp-json\/wp\/v2\/types\/post"}],"author":[{"embeddable":true,"href":"https:\/\/lo1.olsztyn.eu\/mm\/wp-json\/wp\/v2\/users\/1"}],"replies":[{"embeddable":true,"href":"https:\/\/lo1.olsztyn.eu\/mm\/wp-json\/wp\/v2\/comments?post=723"}],"version-history":[{"count":1,"href":"https:\/\/lo1.olsztyn.eu\/mm\/wp-json\/wp\/v2\/posts\/723\/revisions"}],"predecessor-version":[{"id":726,"href":"https:\/\/lo1.olsztyn.eu\/mm\/wp-json\/wp\/v2\/posts\/723\/revisions\/726"}],"wp:featuredmedia":[{"embeddable":true,"href":"https:\/\/lo1.olsztyn.eu\/mm\/wp-json\/wp\/v2\/media\/724"}],"wp:attachment":[{"href":"https:\/\/lo1.olsztyn.eu\/mm\/wp-json\/wp\/v2\/media?parent=723"}],"wp:term":[{"taxonomy":"category","embeddable":true,"href":"https:\/\/lo1.olsztyn.eu\/mm\/wp-json\/wp\/v2\/categories?post=723"},{"taxonomy":"post_tag","embeddable":true,"href":"https:\/\/lo1.olsztyn.eu\/mm\/wp-json\/wp\/v2\/tags?post=723"}],"curies":[{"name":"wp","href":"https:\/\/api.w.org\/{rel}","templated":true}]}}